{"id":407,"date":"2019-09-11T16:26:48","date_gmt":"2019-09-11T15:26:48","guid":{"rendered":"http:\/\/www.wiesenbach-deszk.de\/?p=407"},"modified":"2023-01-14T09:29:35","modified_gmt":"2023-01-14T08:29:35","slug":"dorffest-in-deszk","status":"publish","type":"post","link":"http:\/\/www.wiesenbach-deszk.de\/?p=407","title":{"rendered":"Dorffest in Deszk &#8211; 30 Jahre Freundeskreis &#8222;Wiesenbach-Desk&#8220;"},"content":{"rendered":"<p>Vom 5.9. bis 9.9. fuhr eine gro\u00dfe Gruppe Wiesenbacher B\u00fcrger nach Deszk zum dortigen Dorffest. Mitgekommen waren Mitglieder des Musikvereins, des Freundeskreises Desk, des Kerweborsch und andere, insgesamt \u00fcber 50 Personen. Die Fahrt begann um 14:30 in Wiesenbach. Mit dem Bus ging es zum Flughafen Stuttgart, um 21:00 waren wir in Budapest, dann ging es weiter mit dem Bus nach Deszk. Gegen 24:00 Uhr kamen wir planm\u00e4\u00dfig in Deszk an.<\/p>\n<p>Am Freitag trafen wir uns um 8:00 Uhr und fuhren mit dem Bus nach Szeged. Um 9:00 startete dann eine einst\u00fcndigen Schifffahrt auf dem Fluss Tei\u00df.<\/p>\n<p><a href=\"http:\/\/www.wiesenbach-deszk.de\/wp-content\/uploads\/2019\/09\/2019-09-06-09.48.40.jpg\"><img loading=\"lazy\" decoding=\"async\" class=\"aligncenter size-large wp-image-408\" src=\"http:\/\/www.wiesenbach-deszk.de\/wp-content\/uploads\/2019\/09\/2019-09-06-09.48.40-1024x576.jpg\" alt=\"\" width=\"780\" height=\"439\" srcset=\"http:\/\/www.wiesenbach-deszk.de\/wp-content\/uploads\/2019\/09\/2019-09-06-09.48.40-1024x576.jpg 1024w, http:\/\/www.wiesenbach-deszk.de\/wp-content\/uploads\/2019\/09\/2019-09-06-09.48.40-300x169.jpg 300w, http:\/\/www.wiesenbach-deszk.de\/wp-content\/uploads\/2019\/09\/2019-09-06-09.48.40-768x432.jpg 768w, http:\/\/www.wiesenbach-deszk.de\/wp-content\/uploads\/2019\/09\/2019-09-06-09.48.40-350x197.jpg 350w, http:\/\/www.wiesenbach-deszk.de\/wp-content\/uploads\/2019\/09\/2019-09-06-09.48.40-860x484.jpg 860w\" sizes=\"auto, (max-width: 780px) 100vw, 780px\" \/><\/a><\/p>\n<p><a href=\"http:\/\/www.wiesenbach-deszk.de\/wp-content\/uploads\/2019\/09\/P1040443.jpg\"><img loading=\"lazy\" decoding=\"async\" class=\"aligncenter size-large wp-image-410\" src=\"http:\/\/www.wiesenbach-deszk.de\/wp-content\/uploads\/2019\/09\/P1040443-1024x576.jpg\" alt=\"\" width=\"780\" height=\"439\" srcset=\"http:\/\/www.wiesenbach-deszk.de\/wp-content\/uploads\/2019\/09\/P1040443-1024x576.jpg 1024w, http:\/\/www.wiesenbach-deszk.de\/wp-content\/uploads\/2019\/09\/P1040443-300x169.jpg 300w, http:\/\/www.wiesenbach-deszk.de\/wp-content\/uploads\/2019\/09\/P1040443-768x432.jpg 768w, http:\/\/www.wiesenbach-deszk.de\/wp-content\/uploads\/2019\/09\/P1040443-350x197.jpg 350w, http:\/\/www.wiesenbach-deszk.de\/wp-content\/uploads\/2019\/09\/P1040443-860x484.jpg 860w\" sizes=\"auto, (max-width: 780px) 100vw, 780px\" \/><\/a><\/p>\n<p>Viele schwimmende Geb\u00e4ude s\u00e4umten das Flussufer.<\/p>\n<p><a href=\"http:\/\/www.wiesenbach-deszk.de\/wp-content\/uploads\/2019\/09\/P1040447.jpg\"><img loading=\"lazy\" decoding=\"async\" class=\"aligncenter size-large wp-image-411\" src=\"http:\/\/www.wiesenbach-deszk.de\/wp-content\/uploads\/2019\/09\/P1040447-1024x576.jpg\" alt=\"\" width=\"780\" height=\"439\" srcset=\"http:\/\/www.wiesenbach-deszk.de\/wp-content\/uploads\/2019\/09\/P1040447-1024x576.jpg 1024w, http:\/\/www.wiesenbach-deszk.de\/wp-content\/uploads\/2019\/09\/P1040447-300x169.jpg 300w, http:\/\/www.wiesenbach-deszk.de\/wp-content\/uploads\/2019\/09\/P1040447-768x432.jpg 768w, http:\/\/www.wiesenbach-deszk.de\/wp-content\/uploads\/2019\/09\/P1040447-350x197.jpg 350w, http:\/\/www.wiesenbach-deszk.de\/wp-content\/uploads\/2019\/09\/P1040447-860x484.jpg 860w\" sizes=\"auto, (max-width: 780px) 100vw, 780px\" \/><\/a><\/p>\n<p>Vorbei ging es auch an der Fabrik, in der die ber\u00fchmte Pick-Salami hergestellt wird.<a href=\"http:\/\/www.wiesenbach-deszk.de\/wp-content\/uploads\/2019\/09\/P1040444.jpg\"><img loading=\"lazy\" decoding=\"async\" class=\"aligncenter size-large wp-image-412\" src=\"http:\/\/www.wiesenbach-deszk.de\/wp-content\/uploads\/2019\/09\/P1040444-1024x576.jpg\" alt=\"\" width=\"780\" height=\"439\" srcset=\"http:\/\/www.wiesenbach-deszk.de\/wp-content\/uploads\/2019\/09\/P1040444-1024x576.jpg 1024w, http:\/\/www.wiesenbach-deszk.de\/wp-content\/uploads\/2019\/09\/P1040444-300x169.jpg 300w, http:\/\/www.wiesenbach-deszk.de\/wp-content\/uploads\/2019\/09\/P1040444-768x432.jpg 768w, http:\/\/www.wiesenbach-deszk.de\/wp-content\/uploads\/2019\/09\/P1040444-350x197.jpg 350w, http:\/\/www.wiesenbach-deszk.de\/wp-content\/uploads\/2019\/09\/P1040444-860x484.jpg 860w\" sizes=\"auto, (max-width: 780px) 100vw, 780px\" \/><\/a><\/p>\n<p>Es folgte bei herrlichem Wetter eine gef\u00fchrte Besichtigung von Szeged.<\/p>\n<p><a href=\"http:\/\/www.wiesenbach-deszk.de\/wp-content\/uploads\/2019\/09\/P1040451.jpg\"><br \/>\n<img loading=\"lazy\" decoding=\"async\" class=\"aligncenter size-large wp-image-413\" src=\"http:\/\/www.wiesenbach-deszk.de\/wp-content\/uploads\/2019\/09\/P1040451-1024x576.jpg\" alt=\"\" width=\"780\" height=\"439\" srcset=\"http:\/\/www.wiesenbach-deszk.de\/wp-content\/uploads\/2019\/09\/P1040451-1024x576.jpg 1024w, http:\/\/www.wiesenbach-deszk.de\/wp-content\/uploads\/2019\/09\/P1040451-300x169.jpg 300w, http:\/\/www.wiesenbach-deszk.de\/wp-content\/uploads\/2019\/09\/P1040451-768x432.jpg 768w, http:\/\/www.wiesenbach-deszk.de\/wp-content\/uploads\/2019\/09\/P1040451-350x197.jpg 350w, http:\/\/www.wiesenbach-deszk.de\/wp-content\/uploads\/2019\/09\/P1040451-860x484.jpg 860w\" sizes=\"auto, (max-width: 780px) 100vw, 780px\" \/><\/a><a href=\"http:\/\/www.wiesenbach-deszk.de\/wp-content\/uploads\/2019\/09\/2019-09-06-10.39.34.jpg\"><img loading=\"lazy\" decoding=\"async\" class=\"aligncenter size-large wp-image-414\" src=\"http:\/\/www.wiesenbach-deszk.de\/wp-content\/uploads\/2019\/09\/2019-09-06-10.39.34-1024x576.jpg\" alt=\"\" width=\"780\" height=\"439\" srcset=\"http:\/\/www.wiesenbach-deszk.de\/wp-content\/uploads\/2019\/09\/2019-09-06-10.39.34-1024x576.jpg 1024w, http:\/\/www.wiesenbach-deszk.de\/wp-content\/uploads\/2019\/09\/2019-09-06-10.39.34-300x169.jpg 300w, http:\/\/www.wiesenbach-deszk.de\/wp-content\/uploads\/2019\/09\/2019-09-06-10.39.34-768x432.jpg 768w, http:\/\/www.wiesenbach-deszk.de\/wp-content\/uploads\/2019\/09\/2019-09-06-10.39.34-350x197.jpg 350w, http:\/\/www.wiesenbach-deszk.de\/wp-content\/uploads\/2019\/09\/2019-09-06-10.39.34-860x484.jpg 860w\" sizes=\"auto, (max-width: 780px) 100vw, 780px\" \/><\/a><\/p>\n<p>Nachmittags wurde der Gerliczy-Park in Desk eingeweiht. Die Ahnen der Familie Gerliczy hatten sich um Deszk verdient gemacht:<\/p>\n<ul>\n<li><em>Vor mehr als 210 Jahre erwarb die Familie Gerliczy Deszk und die umliegenden Siedlungen. Einer seiner Nachkommen lie\u00df sich ebenfalls 1884 nieder, um eine Burg zu bauen (heute ist hier die Abteilung f\u00fcr Lungenmedizin der Universit\u00e4t Szeged) . Der aufgekl\u00e4rte Ferenc Gerliczy, der offen f\u00fcr neue wirtschaftliche und technische L\u00f6sungen war, war der Initiator der langfristigen Entwicklung der Siedlung. Sein Name ist auch mit dem Bau einer neugotischen Kirche verbunden. Die Pl\u00e4ne wurden von Oradeas Chefarchitekt Ferenc Starill gemacht.\u00a0<a href=\"http:\/\/deszk.hu\/ourcauses\/gerliczy-kastely-2\/\">(Gerliczy)<\/a><\/em><\/li>\n<\/ul>\n<p>Aus diesem Anlass kam auch die Familie Gerliczy aus den USA zur Einweihung des Parks. Musikalisch begleitete der Musikverein die Veranstaltung.<\/p>\n<p><a href=\"http:\/\/www.wiesenbach-deszk.de\/wp-content\/uploads\/2019\/09\/DSC_0001.jpg\"><img loading=\"lazy\" decoding=\"async\" class=\"aligncenter size-large wp-image-429\" src=\"http:\/\/www.wiesenbach-deszk.de\/wp-content\/uploads\/2019\/09\/DSC_0001-1024x680.jpg\" alt=\"\" width=\"780\" height=\"518\" srcset=\"http:\/\/www.wiesenbach-deszk.de\/wp-content\/uploads\/2019\/09\/DSC_0001-1024x680.jpg 1024w, http:\/\/www.wiesenbach-deszk.de\/wp-content\/uploads\/2019\/09\/DSC_0001-300x199.jpg 300w, http:\/\/www.wiesenbach-deszk.de\/wp-content\/uploads\/2019\/09\/DSC_0001-768x510.jpg 768w\" sizes=\"auto, (max-width: 780px) 100vw, 780px\" \/><\/a><\/p>\n<p>&nbsp;<\/p>\n<p><a href=\"http:\/\/www.wiesenbach-deszk.de\/wp-content\/uploads\/2019\/09\/DSC_0041.jpg\"><img loading=\"lazy\" decoding=\"async\" class=\"aligncenter size-large wp-image-430\" src=\"http:\/\/www.wiesenbach-deszk.de\/wp-content\/uploads\/2019\/09\/DSC_0041-1024x680.jpg\" alt=\"\" width=\"780\" height=\"518\" srcset=\"http:\/\/www.wiesenbach-deszk.de\/wp-content\/uploads\/2019\/09\/DSC_0041-1024x680.jpg 1024w, http:\/\/www.wiesenbach-deszk.de\/wp-content\/uploads\/2019\/09\/DSC_0041-300x199.jpg 300w, http:\/\/www.wiesenbach-deszk.de\/wp-content\/uploads\/2019\/09\/DSC_0041-768x510.jpg 768w\" sizes=\"auto, (max-width: 780px) 100vw, 780px\" \/><\/a><\/p>\n<p>Danach ging es in einem Umzug, auch die Kapelle des Musikvereins begleitet, zum Festplatz.<\/p>\n<p><a href=\"http:\/\/www.wiesenbach-deszk.de\/wp-content\/uploads\/2019\/09\/P1040460.jpg\"><img loading=\"lazy\" decoding=\"async\" class=\"aligncenter size-large wp-image-419\" src=\"http:\/\/www.wiesenbach-deszk.de\/wp-content\/uploads\/2019\/09\/P1040460-1024x576.jpg\" alt=\"\" width=\"780\" height=\"439\" srcset=\"http:\/\/www.wiesenbach-deszk.de\/wp-content\/uploads\/2019\/09\/P1040460-1024x576.jpg 1024w, http:\/\/www.wiesenbach-deszk.de\/wp-content\/uploads\/2019\/09\/P1040460-300x169.jpg 300w, http:\/\/www.wiesenbach-deszk.de\/wp-content\/uploads\/2019\/09\/P1040460-768x432.jpg 768w, http:\/\/www.wiesenbach-deszk.de\/wp-content\/uploads\/2019\/09\/P1040460-350x197.jpg 350w, http:\/\/www.wiesenbach-deszk.de\/wp-content\/uploads\/2019\/09\/P1040460-860x484.jpg 860w\" sizes=\"auto, (max-width: 780px) 100vw, 780px\" \/><\/a><\/p>\n<p>Die feierliche Er\u00f6ffnung begann mit der Ehrung vieler B\u00fcrger von Deszk.<\/p>\n<p><a href=\"http:\/\/www.wiesenbach-deszk.de\/wp-content\/uploads\/2019\/09\/P1040461.jpg\"><img loading=\"lazy\" decoding=\"async\" class=\"aligncenter size-large wp-image-420\" src=\"http:\/\/www.wiesenbach-deszk.de\/wp-content\/uploads\/2019\/09\/P1040461-1024x576.jpg\" alt=\"\" width=\"780\" height=\"439\" srcset=\"http:\/\/www.wiesenbach-deszk.de\/wp-content\/uploads\/2019\/09\/P1040461-1024x576.jpg 1024w, http:\/\/www.wiesenbach-deszk.de\/wp-content\/uploads\/2019\/09\/P1040461-300x169.jpg 300w, http:\/\/www.wiesenbach-deszk.de\/wp-content\/uploads\/2019\/09\/P1040461-768x432.jpg 768w, http:\/\/www.wiesenbach-deszk.de\/wp-content\/uploads\/2019\/09\/P1040461-350x197.jpg 350w, http:\/\/www.wiesenbach-deszk.de\/wp-content\/uploads\/2019\/09\/P1040461-860x484.jpg 860w\" sizes=\"auto, (max-width: 780px) 100vw, 780px\" \/><\/a><\/p>\n<p>In diesem Rahmen wurden auch die Geschenke der Gemeinde und des Freundeskreises anl\u00e4sslich des\u00a0 30-j\u00e4hrigen Bestehens des Freundeskreises \u00fcbergeben. Sowohl die Gemeinde als auch der Freundeskreis \u00fcberreichten eine Bank.<\/p>\n<p><a href=\"http:\/\/www.wiesenbach-deszk.de\/wp-content\/uploads\/2019\/09\/DSC_0177.jpg\"><img loading=\"lazy\" decoding=\"async\" class=\"aligncenter size-large wp-image-431\" src=\"http:\/\/www.wiesenbach-deszk.de\/wp-content\/uploads\/2019\/09\/DSC_0177-1024x680.jpg\" alt=\"\" width=\"780\" height=\"518\" srcset=\"http:\/\/www.wiesenbach-deszk.de\/wp-content\/uploads\/2019\/09\/DSC_0177-1024x680.jpg 1024w, http:\/\/www.wiesenbach-deszk.de\/wp-content\/uploads\/2019\/09\/DSC_0177-300x199.jpg 300w, http:\/\/www.wiesenbach-deszk.de\/wp-content\/uploads\/2019\/09\/DSC_0177-768x510.jpg 768w\" sizes=\"auto, (max-width: 780px) 100vw, 780px\" \/><\/a><\/p>\n<p><a href=\"http:\/\/www.wiesenbach-deszk.de\/wp-content\/uploads\/2019\/09\/P1040464.jpg\"><img loading=\"lazy\" decoding=\"async\" class=\"aligncenter size-large wp-image-421\" src=\"http:\/\/www.wiesenbach-deszk.de\/wp-content\/uploads\/2019\/09\/P1040464-1024x576.jpg\" alt=\"\" width=\"780\" height=\"439\" srcset=\"http:\/\/www.wiesenbach-deszk.de\/wp-content\/uploads\/2019\/09\/P1040464-1024x576.jpg 1024w, http:\/\/www.wiesenbach-deszk.de\/wp-content\/uploads\/2019\/09\/P1040464-300x169.jpg 300w, http:\/\/www.wiesenbach-deszk.de\/wp-content\/uploads\/2019\/09\/P1040464-768x432.jpg 768w, http:\/\/www.wiesenbach-deszk.de\/wp-content\/uploads\/2019\/09\/P1040464-350x197.jpg 350w, http:\/\/www.wiesenbach-deszk.de\/wp-content\/uploads\/2019\/09\/P1040464-860x484.jpg 860w\" sizes=\"auto, (max-width: 780px) 100vw, 780px\" \/><\/a><\/p>\n<p>&nbsp;<\/p>\n<p>Am Samstag wurde dann auf dem Festplatz gefeiert. Es gab den \u00fcblichen Kochwettbewerb der B\u00fcrgermeister, Tanz- und Musikauftritte.<\/p>\n<p><a href=\"http:\/\/www.wiesenbach-deszk.de\/wp-content\/uploads\/2019\/09\/DSC_0286.jpg\"><img loading=\"lazy\" decoding=\"async\" class=\"aligncenter size-large wp-image-432\" src=\"http:\/\/www.wiesenbach-deszk.de\/wp-content\/uploads\/2019\/09\/DSC_0286-1024x680.jpg\" alt=\"\" width=\"780\" height=\"518\" srcset=\"http:\/\/www.wiesenbach-deszk.de\/wp-content\/uploads\/2019\/09\/DSC_0286-1024x680.jpg 1024w, http:\/\/www.wiesenbach-deszk.de\/wp-content\/uploads\/2019\/09\/DSC_0286-300x199.jpg 300w, http:\/\/www.wiesenbach-deszk.de\/wp-content\/uploads\/2019\/09\/DSC_0286-768x510.jpg 768w\" sizes=\"auto, (max-width: 780px) 100vw, 780px\" \/><\/a><a href=\"http:\/\/www.wiesenbach-deszk.de\/wp-content\/uploads\/2019\/09\/DSC_0289.jpg\"><img loading=\"lazy\" decoding=\"async\" class=\"aligncenter size-large wp-image-433\" src=\"http:\/\/www.wiesenbach-deszk.de\/wp-content\/uploads\/2019\/09\/DSC_0289-1024x680.jpg\" alt=\"\" width=\"780\" height=\"518\" srcset=\"http:\/\/www.wiesenbach-deszk.de\/wp-content\/uploads\/2019\/09\/DSC_0289-1024x680.jpg 1024w, http:\/\/www.wiesenbach-deszk.de\/wp-content\/uploads\/2019\/09\/DSC_0289-300x199.jpg 300w, http:\/\/www.wiesenbach-deszk.de\/wp-content\/uploads\/2019\/09\/DSC_0289-768x510.jpg 768w\" sizes=\"auto, (max-width: 780px) 100vw, 780px\" \/><\/a><\/p>\n<p><a href=\"http:\/\/www.wiesenbach-deszk.de\/wp-content\/uploads\/2019\/09\/DSC_0306.jpg\"><img loading=\"lazy\" decoding=\"async\" class=\"aligncenter size-large wp-image-434\" src=\"http:\/\/www.wiesenbach-deszk.de\/wp-content\/uploads\/2019\/09\/DSC_0306-1024x680.jpg\" alt=\"\" width=\"780\" height=\"518\" srcset=\"http:\/\/www.wiesenbach-deszk.de\/wp-content\/uploads\/2019\/09\/DSC_0306-1024x680.jpg 1024w, http:\/\/www.wiesenbach-deszk.de\/wp-content\/uploads\/2019\/09\/DSC_0306-300x199.jpg 300w, http:\/\/www.wiesenbach-deszk.de\/wp-content\/uploads\/2019\/09\/DSC_0306-768x510.jpg 768w\" sizes=\"auto, (max-width: 780px) 100vw, 780px\" \/><\/a><a href=\"http:\/\/www.wiesenbach-deszk.de\/wp-content\/uploads\/2019\/09\/20190907_132804-e1568991222911.jpg\"><img loading=\"lazy\" decoding=\"async\" class=\"aligncenter size-large wp-image-435\" src=\"http:\/\/www.wiesenbach-deszk.de\/wp-content\/uploads\/2019\/09\/20190907_132804-e1568991222911-576x1024.jpg\" alt=\"\" width=\"576\" height=\"1024\" srcset=\"http:\/\/www.wiesenbach-deszk.de\/wp-content\/uploads\/2019\/09\/20190907_132804-e1568991222911-576x1024.jpg 576w, http:\/\/www.wiesenbach-deszk.de\/wp-content\/uploads\/2019\/09\/20190907_132804-e1568991222911-169x300.jpg 169w, http:\/\/www.wiesenbach-deszk.de\/wp-content\/uploads\/2019\/09\/20190907_132804-e1568991222911-768x1365.jpg 768w, http:\/\/www.wiesenbach-deszk.de\/wp-content\/uploads\/2019\/09\/20190907_132804-e1568991222911.jpg 1836w\" sizes=\"auto, (max-width: 576px) 100vw, 576px\" \/><\/a><\/p>\n<p><a href=\"http:\/\/www.wiesenbach-deszk.de\/wp-content\/uploads\/2019\/09\/DSC_0143.jpg\"><img loading=\"lazy\" decoding=\"async\" class=\"aligncenter size-large wp-image-436\" src=\"http:\/\/www.wiesenbach-deszk.de\/wp-content\/uploads\/2019\/09\/DSC_0143-1024x680.jpg\" alt=\"\" width=\"780\" height=\"518\" srcset=\"http:\/\/www.wiesenbach-deszk.de\/wp-content\/uploads\/2019\/09\/DSC_0143-1024x680.jpg 1024w, http:\/\/www.wiesenbach-deszk.de\/wp-content\/uploads\/2019\/09\/DSC_0143-300x199.jpg 300w, http:\/\/www.wiesenbach-deszk.de\/wp-content\/uploads\/2019\/09\/DSC_0143-768x510.jpg 768w\" sizes=\"auto, (max-width: 780px) 100vw, 780px\" \/><\/a><\/p>\n<p><a href=\"http:\/\/www.wiesenbach-deszk.de\/wp-content\/uploads\/2019\/09\/2019-09-07-18.32.03.jpg\"><img loading=\"lazy\" decoding=\"async\" class=\"aligncenter size-large wp-image-439\" src=\"http:\/\/www.wiesenbach-deszk.de\/wp-content\/uploads\/2019\/09\/2019-09-07-18.32.03-1024x576.jpg\" alt=\"\" width=\"780\" height=\"439\" srcset=\"http:\/\/www.wiesenbach-deszk.de\/wp-content\/uploads\/2019\/09\/2019-09-07-18.32.03-1024x576.jpg 1024w, http:\/\/www.wiesenbach-deszk.de\/wp-content\/uploads\/2019\/09\/2019-09-07-18.32.03-300x169.jpg 300w, http:\/\/www.wiesenbach-deszk.de\/wp-content\/uploads\/2019\/09\/2019-09-07-18.32.03-768x432.jpg 768w, http:\/\/www.wiesenbach-deszk.de\/wp-content\/uploads\/2019\/09\/2019-09-07-18.32.03-350x197.jpg 350w, http:\/\/www.wiesenbach-deszk.de\/wp-content\/uploads\/2019\/09\/2019-09-07-18.32.03-860x484.jpg 860w\" sizes=\"auto, (max-width: 780px) 100vw, 780px\" \/><\/a><\/p>\n<p>Sondereinlage: &#8222;1000 mal ber\u00fchrt&#8220;<a href=\"http:\/\/www.wiesenbach-deszk.de\/wp-content\/uploads\/2019\/09\/2019-09-07-20.00.19.jpg\"><br \/>\n<img loading=\"lazy\" decoding=\"async\" class=\"aligncenter size-large wp-image-438\" src=\"http:\/\/www.wiesenbach-deszk.de\/wp-content\/uploads\/2019\/09\/2019-09-07-20.00.19-1024x576.jpg\" alt=\"\" width=\"780\" height=\"439\" srcset=\"http:\/\/www.wiesenbach-deszk.de\/wp-content\/uploads\/2019\/09\/2019-09-07-20.00.19-1024x576.jpg 1024w, http:\/\/www.wiesenbach-deszk.de\/wp-content\/uploads\/2019\/09\/2019-09-07-20.00.19-300x169.jpg 300w, http:\/\/www.wiesenbach-deszk.de\/wp-content\/uploads\/2019\/09\/2019-09-07-20.00.19-768x432.jpg 768w, http:\/\/www.wiesenbach-deszk.de\/wp-content\/uploads\/2019\/09\/2019-09-07-20.00.19-350x197.jpg 350w, http:\/\/www.wiesenbach-deszk.de\/wp-content\/uploads\/2019\/09\/2019-09-07-20.00.19-860x484.jpg 860w\" sizes=\"auto, (max-width: 780px) 100vw, 780px\" \/><\/a><\/p>\n<p>Live Konzert mit der Ungarische S\u00e4ngerin Zs\u00e9da<\/p>\n<p>Sonntag, 08. September 2019: Tagesfahrt nach Gyula<\/p>\n<p><a href=\"http:\/\/www.wiesenbach-deszk.de\/wp-content\/uploads\/2019\/09\/DSC_0518.jpg\"><img loading=\"lazy\" decoding=\"async\" class=\"aligncenter size-large wp-image-443\" src=\"http:\/\/www.wiesenbach-deszk.de\/wp-content\/uploads\/2019\/09\/DSC_0518-1024x680.jpg\" alt=\"\" width=\"780\" height=\"518\" srcset=\"http:\/\/www.wiesenbach-deszk.de\/wp-content\/uploads\/2019\/09\/DSC_0518-1024x680.jpg 1024w, http:\/\/www.wiesenbach-deszk.de\/wp-content\/uploads\/2019\/09\/DSC_0518-300x199.jpg 300w, http:\/\/www.wiesenbach-deszk.de\/wp-content\/uploads\/2019\/09\/DSC_0518-768x510.jpg 768w\" sizes=\"auto, (max-width: 780px) 100vw, 780px\" \/><\/a><br \/>\n<a href=\"http:\/\/www.wiesenbach-deszk.de\/wp-content\/uploads\/2019\/09\/DSC_0528.jpg\"><br \/>\n<img loading=\"lazy\" decoding=\"async\" class=\"aligncenter size-large wp-image-444\" src=\"http:\/\/www.wiesenbach-deszk.de\/wp-content\/uploads\/2019\/09\/DSC_0528-1024x680.jpg\" alt=\"\" width=\"780\" height=\"518\" srcset=\"http:\/\/www.wiesenbach-deszk.de\/wp-content\/uploads\/2019\/09\/DSC_0528-1024x680.jpg 1024w, http:\/\/www.wiesenbach-deszk.de\/wp-content\/uploads\/2019\/09\/DSC_0528-300x199.jpg 300w, http:\/\/www.wiesenbach-deszk.de\/wp-content\/uploads\/2019\/09\/DSC_0528-768x510.jpg 768w\" sizes=\"auto, (max-width: 780px) 100vw, 780px\" \/><\/a><\/p>\n<p><a href=\"http:\/\/www.wiesenbach-deszk.de\/wp-content\/uploads\/2019\/09\/2019-09-08-15.42.14.jpg\"><img loading=\"lazy\" decoding=\"async\" class=\"aligncenter size-large wp-image-446\" src=\"http:\/\/www.wiesenbach-deszk.de\/wp-content\/uploads\/2019\/09\/2019-09-08-15.42.14-1024x576.jpg\" alt=\"\" width=\"780\" height=\"439\" srcset=\"http:\/\/www.wiesenbach-deszk.de\/wp-content\/uploads\/2019\/09\/2019-09-08-15.42.14-1024x576.jpg 1024w, http:\/\/www.wiesenbach-deszk.de\/wp-content\/uploads\/2019\/09\/2019-09-08-15.42.14-300x169.jpg 300w, http:\/\/www.wiesenbach-deszk.de\/wp-content\/uploads\/2019\/09\/2019-09-08-15.42.14-768x432.jpg 768w, http:\/\/www.wiesenbach-deszk.de\/wp-content\/uploads\/2019\/09\/2019-09-08-15.42.14-350x197.jpg 350w, http:\/\/www.wiesenbach-deszk.de\/wp-content\/uploads\/2019\/09\/2019-09-08-15.42.14-860x484.jpg 860w\" sizes=\"auto, (max-width: 780px) 100vw, 780px\" \/><\/a><\/p>\n<p><a href=\"http:\/\/www.wiesenbach-deszk.de\/wp-content\/uploads\/2019\/09\/2019-09-08-15.47.35-e1569081744333.jpg\"><img loading=\"lazy\" decoding=\"async\" class=\"aligncenter size-large wp-image-447\" src=\"http:\/\/www.wiesenbach-deszk.de\/wp-content\/uploads\/2019\/09\/2019-09-08-15.47.35-e1569081744333-576x1024.jpg\" alt=\"\" width=\"576\" height=\"1024\" srcset=\"http:\/\/www.wiesenbach-deszk.de\/wp-content\/uploads\/2019\/09\/2019-09-08-15.47.35-e1569081744333-576x1024.jpg 576w, http:\/\/www.wiesenbach-deszk.de\/wp-content\/uploads\/2019\/09\/2019-09-08-15.47.35-e1569081744333-169x300.jpg 169w, http:\/\/www.wiesenbach-deszk.de\/wp-content\/uploads\/2019\/09\/2019-09-08-15.47.35-e1569081744333-768x1365.jpg 768w\" sizes=\"auto, (max-width: 576px) 100vw, 576px\" \/><\/a><\/p>\n<p><a href=\"http:\/\/www.wiesenbach-deszk.de\/wp-content\/uploads\/2019\/09\/2019-09-08-16.01.07.jpg\"><img loading=\"lazy\" decoding=\"async\" class=\"aligncenter size-large wp-image-448\" src=\"http:\/\/www.wiesenbach-deszk.de\/wp-content\/uploads\/2019\/09\/2019-09-08-16.01.07-1024x576.jpg\" alt=\"\" width=\"780\" height=\"439\" srcset=\"http:\/\/www.wiesenbach-deszk.de\/wp-content\/uploads\/2019\/09\/2019-09-08-16.01.07-1024x576.jpg 1024w, http:\/\/www.wiesenbach-deszk.de\/wp-content\/uploads\/2019\/09\/2019-09-08-16.01.07-300x169.jpg 300w, http:\/\/www.wiesenbach-deszk.de\/wp-content\/uploads\/2019\/09\/2019-09-08-16.01.07-768x432.jpg 768w, http:\/\/www.wiesenbach-deszk.de\/wp-content\/uploads\/2019\/09\/2019-09-08-16.01.07-350x197.jpg 350w, http:\/\/www.wiesenbach-deszk.de\/wp-content\/uploads\/2019\/09\/2019-09-08-16.01.07-860x484.jpg 860w\" sizes=\"auto, (max-width: 780px) 100vw, 780px\" \/><\/a><\/p>\n<p>Abends dann das<\/p>\n<p>wird fortgesetzt &#8230;<\/p>\n","protected":false},"excerpt":{"rendered":"<p>Vom 5.9. bis 9.9. fuhr eine gro\u00dfe Gruppe Wiesenbacher B\u00fcrger nach Deszk zum dortigen Dorffest. Mitgekommen waren Mitglieder des Musikvereins, des Freundeskreises Desk, des Kerweborsch und andere, insgesamt \u00fcber 50 Personen. Die Fahrt begann um 14:30 in Wiesenbach. Mit dem Bus ging es zum Flughafen Stuttgart, um 21:00 waren wir in Budapest, dann ging es <a class=\"more-link\" href=\"http:\/\/www.wiesenbach-deszk.de\/?p=407\">Weiterlesen&#8230;<\/a><\/p>\n","protected":false},"author":1,"featured_media":0,"comment_status":"closed","ping_status":"open","sticky":false,"template":"","format":"standard","meta":{"footnotes":"","_links_to":"","_links_to_target":""},"categories":[1],"tags":[],"class_list":["post-407","post","type-post","status-publish","format-standard","hentry","category-allgemein"],"_links":{"self":[{"href":"http:\/\/www.wiesenbach-deszk.de\/index.php?rest_route=\/wp\/v2\/posts\/407","targetHints":{"allow":["GET"]}}],"collection":[{"href":"http:\/\/www.wiesenbach-deszk.de\/index.php?rest_route=\/wp\/v2\/posts"}],"about":[{"href":"http:\/\/www.wiesenbach-deszk.de\/index.php?rest_route=\/wp\/v2\/types\/post"}],"author":[{"embeddable":true,"href":"http:\/\/www.wiesenbach-deszk.de\/index.php?rest_route=\/wp\/v2\/users\/1"}],"replies":[{"embeddable":true,"href":"http:\/\/www.wiesenbach-deszk.de\/index.php?rest_route=%2Fwp%2Fv2%2Fcomments&post=407"}],"version-history":[{"count":11,"href":"http:\/\/www.wiesenbach-deszk.de\/index.php?rest_route=\/wp\/v2\/posts\/407\/revisions"}],"predecessor-version":[{"id":452,"href":"http:\/\/www.wiesenbach-deszk.de\/index.php?rest_route=\/wp\/v2\/posts\/407\/revisions\/452"}],"wp:attachment":[{"href":"http:\/\/www.wiesenbach-deszk.de\/index.php?rest_route=%2Fwp%2Fv2%2Fmedia&parent=407"}],"wp:term":[{"taxonomy":"category","embeddable":true,"href":"http:\/\/www.wiesenbach-deszk.de\/index.php?rest_route=%2Fwp%2Fv2%2Fcategories&post=407"},{"taxonomy":"post_tag","embeddable":true,"href":"http:\/\/www.wiesenbach-deszk.de\/index.php?rest_route=%2Fwp%2Fv2%2Ftags&post=407"}],"curies":[{"name":"wp","href":"https:\/\/api.w.org\/{rel}","templated":true}]}}